{"id":4734,"date":"2023-09-19T22:12:31","date_gmt":"2023-09-19T22:12:31","guid":{"rendered":"http:\/\/saleia.de\/?post_type=blog_post&#038;p=4734"},"modified":"2023-09-19T22:17:22","modified_gmt":"2023-09-19T22:17:22","slug":"16-08-2023-bio-brotbox-verteilen-ehrenpate-2023","status":"publish","type":"blog_post","link":"https:\/\/saleia.de\/?blog_post=16-08-2023-bio-brotbox-verteilen-ehrenpate-2023","title":{"rendered":"16.08.2023 &#8211; BIO BROTBOX VERTEILEN \/ EHRENPATE 2023"},"content":{"rendered":"\n<p>Schon viele Jahre beteilige ich mich an dem wundersch\u00f6nem LEV-Spielt Fest in Leverkusen, um die Kinder in meiner Heimat in eine magische Welt zu entf\u00fchren. Auch in diesem Jahr durfte ich wieder Teil des Festes sein und war sehr \u00fcberrascht wie viele Menschen mit dabei waren. In den letzten Corona Jahren waren die Kinder sehr sch\u00fcchtern &#8211; das hat man in diesem Jahr aber gar nicht mehr gesp\u00fcrt! So viele warme Umarmungen wie an diesem Tag habe ich ewig nicht mehr gesp\u00fcrt. Es ist mir jedes Mal eine Freude dieses Fest besuchen zu d\u00fcrfen und besonders auch jetzt, wenn mein eigener Sohn zu all den Veranstaltungen mitkommen kann und selbst ganz viel Spa\u00df daran hat. <\/p>\n\n\n\n<p>Im letzten Jahr hat mich die\u00a0<a href=\"https:\/\/www.instagram.com\/stadt.leverkusen_dez.4\/\">@stadt.leverkusen_dez.4<\/a>\u00a0gefragt, ob ich die neue Patin f\u00fcr das Projekt \u201eBio-Brotbox\u201c werden m\u00f6chte. Hierbei wird leckeres Obst und Brot in eine Fr\u00fchst\u00fccksbox gepackt und bei dem ersten Schultag in den Grundschulen verteilt. Meine Mutter hat mir immer gesagt: \u201eWer morgens zerknittert aufsteht, kann sich mit einem leckeren und gesundem Fr\u00fchst\u00fcck am Tag sehr gut entfalten.\u201c Also habe ich auf jeden Fall JA gesagt! Im Fr\u00fchling hatte ich bereits ein Treffen mit unserem B\u00fcrgermeister Herr Richrath und dem Stadtdirektor\u00a0<a href=\"https:\/\/www.instagram.com\/marcadomat\/\">@marcadomat<\/a>\u00a0&#8211; jetzt im August werden die Boxen gepackt und in den Schulen verteilt! Ich bin sehr aufgeregt und freue mich darauf! <\/p>\n\n\n\n<p>Die Stadt Leverkusen verteilt dank einigen tollen Sponsoren und Ehren\u00e4mtlern am 16.08.2023 in den Grundschulen kostenloses gesundes Fr\u00fchst\u00fcck in den Tupperdosen. Als Ehrenpatin 2023 durfte ich heute hautnah miterleben, wie man in knapp 45 Minuten mit einem starkem Team 1900 Dosen verpackt.. das hat unglaublich viel Spass gemacht. Was f\u00fcr ein unglaublich sch\u00f6nes Event um Zeichen zu setzen. Denn mit der \u201eSonnigen Zeiten\u201c Brotbox kann sich nun jedes Grundschulkind nach einem zerknitterten Schlaf vollkommen entfalten! Das unterst\u00fctze ich auch gerne mit meinen Sonnenblumen-Freunden!<\/p>\n\n\n\n<p>Ich freue mich bereits auf morgen und das Verteilen als Prinzessin Saleia in einer ausgew\u00e4hlten Grundschule. Mehr Infos folgen! <\/p>\n\n\n\n<p><strong>Bio Brotbox Packen:<\/strong> <a href=\"https:\/\/www.instagram.com\/p\/Cv-rAfOLWqd\/\">https:\/\/www.instagram.com\/p\/Cv-rAfOLWqd\/<\/a><\/p>\n\n\n\n<p><strong>Bio Brotbox Verteilen:<\/strong> https:\/\/www.instagram.com\/p\/CwACMCOrjo2\/<\/p>\n\n\n\n<figure class=\"wp-block-gallery has-nested-images columns-default is-cropped wp-block-gallery-1 is-layout-flex wp-block-gallery-is-layout-flex\">\n<figure class=\"wp-block-image size-large\"><a href=\"http:\/\/saleia.de\/wp-content\/uploads\/2023\/09\/Unbenannt-2.jpg\"><img loading=\"lazy\" decoding=\"async\" width=\"792\" height=\"760\" data-id=\"4735\" src=\"http:\/\/saleia.de\/wp-content\/uploads\/2023\/09\/Unbenannt-2.jpg\" alt=\"\" class=\"wp-image-4735\" srcset=\"https:\/\/saleia.de\/wp-content\/uploads\/2023\/09\/Unbenannt-2.jpg 792w, https:\/\/saleia.de\/wp-content\/uploads\/2023\/09\/Unbenannt-2-300x288.jpg 300w, https:\/\/saleia.de\/wp-content\/uploads\/2023\/09\/Unbenannt-2-768x737.jpg 768w\" sizes=\"auto, (max-width: 792px) 100vw, 792px\" \/><\/a><\/figure>\n\n\n\n<figure class=\"wp-block-image size-large\"><a href=\"http:\/\/saleia.de\/wp-content\/uploads\/2023\/09\/Unbenannt1-3.jpg\"><img loading=\"lazy\" decoding=\"async\" width=\"788\" height=\"765\" data-id=\"4736\" src=\"http:\/\/saleia.de\/wp-content\/uploads\/2023\/09\/Unbenannt1-3.jpg\" alt=\"\" class=\"wp-image-4736\" srcset=\"https:\/\/saleia.de\/wp-content\/uploads\/2023\/09\/Unbenannt1-3.jpg 788w, https:\/\/saleia.de\/wp-content\/uploads\/2023\/09\/Unbenannt1-3-300x291.jpg 300w, https:\/\/saleia.de\/wp-content\/uploads\/2023\/09\/Unbenannt1-3-768x746.jpg 768w\" sizes=\"auto, (max-width: 788px) 100vw, 788px\" \/><\/a><\/figure>\n\n\n\n<figure class=\"wp-block-image size-large\"><a href=\"http:\/\/saleia.de\/wp-content\/uploads\/2023\/09\/Unbenannt2-2.jpg\"><img loading=\"lazy\" decoding=\"async\" width=\"740\" height=\"766\" data-id=\"4737\" src=\"http:\/\/saleia.de\/wp-content\/uploads\/2023\/09\/Unbenannt2-2.jpg\" alt=\"\" class=\"wp-image-4737\" srcset=\"https:\/\/saleia.de\/wp-content\/uploads\/2023\/09\/Unbenannt2-2.jpg 740w, https:\/\/saleia.de\/wp-content\/uploads\/2023\/09\/Unbenannt2-2-290x300.jpg 290w\" sizes=\"auto, (max-width: 740px) 100vw, 740px\" \/><\/a><\/figure>\n\n\n\n<figure class=\"wp-block-image size-large\"><a href=\"http:\/\/saleia.de\/wp-content\/uploads\/2023\/09\/Unbenannt3-2.jpg\"><img loading=\"lazy\" decoding=\"async\" width=\"746\" height=\"764\" data-id=\"4738\" src=\"http:\/\/saleia.de\/wp-content\/uploads\/2023\/09\/Unbenannt3-2.jpg\" alt=\"\" class=\"wp-image-4738\" srcset=\"https:\/\/saleia.de\/wp-content\/uploads\/2023\/09\/Unbenannt3-2.jpg 746w, https:\/\/saleia.de\/wp-content\/uploads\/2023\/09\/Unbenannt3-2-293x300.jpg 293w\" sizes=\"auto, (max-width: 746px) 100vw, 746px\" \/><\/a><\/figure>\n\n\n\n<figure class=\"wp-block-image size-large\"><a href=\"http:\/\/saleia.de\/wp-content\/uploads\/2023\/09\/Unbenannt4-1.jpg\"><img loading=\"lazy\" decoding=\"async\" width=\"788\" height=\"789\" data-id=\"4739\" src=\"http:\/\/saleia.de\/wp-content\/uploads\/2023\/09\/Unbenannt4-1.jpg\" alt=\"\" class=\"wp-image-4739\" srcset=\"https:\/\/saleia.de\/wp-content\/uploads\/2023\/09\/Unbenannt4-1.jpg 788w, https:\/\/saleia.de\/wp-content\/uploads\/2023\/09\/Unbenannt4-1-300x300.jpg 300w, https:\/\/saleia.de\/wp-content\/uploads\/2023\/09\/Unbenannt4-1-150x150.jpg 150w, https:\/\/saleia.de\/wp-content\/uploads\/2023\/09\/Unbenannt4-1-768x769.jpg 768w, https:\/\/saleia.de\/wp-content\/uploads\/2023\/09\/Unbenannt4-1-533x533.jpg 533w, https:\/\/saleia.de\/wp-content\/uploads\/2023\/09\/Unbenannt4-1-640x640.jpg 640w\" sizes=\"auto, (max-width: 788px) 100vw, 788px\" \/><\/a><\/figure>\n<\/figure>\n","protected":false},"excerpt":{"rendered":"<p>Schon viele Jahre beteilige ich mich an dem wundersch\u00f6nem LEV-Spielt Fest in Leverkusen, um die Kinder in meiner Heimat in eine magische Welt zu entf\u00fchren. Auch in diesem Jahr durfte ich wieder Teil des Festes sein und war sehr \u00fcberrascht wie viele Menschen mit dabei &hellip; <a href=\"https:\/\/saleia.de\/?blog_post=16-08-2023-bio-brotbox-verteilen-ehrenpate-2023\" class=\"more-link\"><span>Continue reading<span class=\"screen-reader-text\">16.08.2023 &#8211; BIO BROTBOX VERTEILEN \/ EHRENPATE 2023<\/span><\/span><\/a><\/p>\n","protected":false},"author":1,"featured_media":4735,"comment_status":"open","ping_status":"closed","template":"","tags":[15],"blog-category":[16],"class_list":["post-4734","blog_post","type-blog_post","status-publish","has-post-thumbnail","hentry","tag-blog","blog-category-blog"],"_links":{"self":[{"href":"https:\/\/saleia.de\/index.php?rest_route=\/wp\/v2\/blog_post\/4734","targetHints":{"allow":["GET"]}}],"collection":[{"href":"https:\/\/saleia.de\/index.php?rest_route=\/wp\/v2\/blog_post"}],"about":[{"href":"https:\/\/saleia.de\/index.php?rest_route=\/wp\/v2\/types\/blog_post"}],"author":[{"embeddable":true,"href":"https:\/\/saleia.de\/index.php?rest_route=\/wp\/v2\/users\/1"}],"replies":[{"embeddable":true,"href":"https:\/\/saleia.de\/index.php?rest_route=%2Fwp%2Fv2%2Fcomments&post=4734"}],"wp:featuredmedia":[{"embeddable":true,"href":"https:\/\/saleia.de\/index.php?rest_route=\/wp\/v2\/media\/4735"}],"wp:attachment":[{"href":"https:\/\/saleia.de\/index.php?rest_route=%2Fwp%2Fv2%2Fmedia&parent=4734"}],"wp:term":[{"taxonomy":"post_tag","embeddable":true,"href":"https:\/\/saleia.de\/index.php?rest_route=%2Fwp%2Fv2%2Ftags&post=4734"},{"taxonomy":"blog-category","embeddable":true,"href":"https:\/\/saleia.de\/index.php?rest_route=%2Fwp%2Fv2%2Fblog-category&post=4734"}],"curies":[{"name":"wp","href":"https:\/\/api.w.org\/{rel}","templated":true}]}}