{"id":4727,"date":"2023-09-19T22:04:15","date_gmt":"2023-09-19T22:04:15","guid":{"rendered":"http:\/\/saleia.de\/?post_type=blog_post&#038;p=4727"},"modified":"2023-09-19T22:04:16","modified_gmt":"2023-09-19T22:04:16","slug":"02-08-2023-lev-spielt-kinderfest","status":"publish","type":"blog_post","link":"https:\/\/saleia.de\/?blog_post=02-08-2023-lev-spielt-kinderfest","title":{"rendered":"02.08.2023 &#8211; LEV SPIELT KINDERFEST"},"content":{"rendered":"\n<p>Schon viele Jahre beteilige ich mich an dem wundersch\u00f6nem LEV-Spielt Fest in Leverkusen, um die Kinder in meiner Heimat in eine magische Welt zu entf\u00fchren. Auch in diesem Jahr durfte ich wieder Teil des Festes sein und war sehr \u00fcberrascht wieviele Menschen mit dabei waren. In den letzten Corona Jahren waren die Kinder sehr sch\u00fcchtern &#8211; das hat man in diesem Jahr aber gar nicht mehr gesp\u00fcrt! Soviele warme Umarmungen wie an diesem Tag habe ich ewig nicht mehr gesp\u00fcrt. Es ist mir jedes Mal eine Freude dieses Fest besuchen zu d\u00fcrfen und besonders auch jetzt, wenn mein eigener Sohn zu all den Veranstaltungen mitkommen kann und selbst ganz viel Spa\u00df daran hat.<\/p>\n\n\n\n<p>Im letzten Jahr hat mich die\u00a0<a href=\"https:\/\/www.instagram.com\/stadt.leverkusen_dez.4\/\">@stadt.leverkusen_dez.4<\/a>\u00a0gefragt, ob ich die neue Patin f\u00fcr das Projekt \u201eBio-Brotbox\u201c werden m\u00f6chte. Hierbei wird leckeres Obst und Brot in eine Fr\u00fchst\u00fccksbox gepackt und bei dem ersten Schultag in den Grundschulen verteilt. Meine Mutter hat mir immer gesagt: \u201eWer morgens zerknittert aufsteht, kann sich mit einem leckeren und gesundem Fr\u00fchst\u00fcck am Tag sehr gut entfalten.\u201c Also habe ich auf jeden Fall JA gesagt! &#x263a;&#xfe0f;. Im Fr\u00fchling hatte ich bereits ein Treffen mit unserem B\u00fcrgermeister Herr Richrath und dem Stadtdirektor\u00a0<a href=\"https:\/\/www.instagram.com\/marcadomat\/\">@marcadomat<\/a>\u00a0&#8211; jetzt im August werden die Boxen gepackt und in den Schulen verteilt! Ich bin sehr aufgeregt und freue mich darauf! <\/p>\n\n\n\n<figure class=\"wp-block-gallery has-nested-images columns-default is-cropped wp-block-gallery-1 is-layout-flex wp-block-gallery-is-layout-flex\">\n<figure class=\"wp-block-image size-large\"><a href=\"http:\/\/saleia.de\/wp-content\/uploads\/2023\/09\/Unbenannt-1.jpg\"><img loading=\"lazy\" decoding=\"async\" width=\"789\" height=\"782\" data-id=\"4729\" src=\"http:\/\/saleia.de\/wp-content\/uploads\/2023\/09\/Unbenannt-1.jpg\" alt=\"\" class=\"wp-image-4729\" srcset=\"https:\/\/saleia.de\/wp-content\/uploads\/2023\/09\/Unbenannt-1.jpg 789w, https:\/\/saleia.de\/wp-content\/uploads\/2023\/09\/Unbenannt-1-300x297.jpg 300w, https:\/\/saleia.de\/wp-content\/uploads\/2023\/09\/Unbenannt-1-150x150.jpg 150w, https:\/\/saleia.de\/wp-content\/uploads\/2023\/09\/Unbenannt-1-768x761.jpg 768w\" sizes=\"auto, (max-width: 789px) 100vw, 789px\" \/><\/a><\/figure>\n\n\n\n<figure class=\"wp-block-image size-large\"><a href=\"http:\/\/saleia.de\/wp-content\/uploads\/2023\/09\/Unbenannt1-2.jpg\"><img loading=\"lazy\" decoding=\"async\" width=\"730\" height=\"752\" data-id=\"4730\" src=\"http:\/\/saleia.de\/wp-content\/uploads\/2023\/09\/Unbenannt1-2.jpg\" alt=\"\" class=\"wp-image-4730\" srcset=\"https:\/\/saleia.de\/wp-content\/uploads\/2023\/09\/Unbenannt1-2.jpg 730w, https:\/\/saleia.de\/wp-content\/uploads\/2023\/09\/Unbenannt1-2-291x300.jpg 291w\" sizes=\"auto, (max-width: 730px) 100vw, 730px\" \/><\/a><\/figure>\n<\/figure>\n","protected":false},"excerpt":{"rendered":"<p>Schon viele Jahre beteilige ich mich an dem wundersch\u00f6nem LEV-Spielt Fest in Leverkusen, um die Kinder in meiner Heimat in eine magische Welt zu entf\u00fchren. Auch in diesem Jahr durfte ich wieder Teil des Festes sein und war sehr \u00fcberrascht wieviele Menschen mit dabei waren. &hellip; <a href=\"https:\/\/saleia.de\/?blog_post=02-08-2023-lev-spielt-kinderfest\" class=\"more-link\"><span>Continue reading<span class=\"screen-reader-text\">02.08.2023 &#8211; LEV SPIELT KINDERFEST<\/span><\/span><\/a><\/p>\n","protected":false},"author":1,"featured_media":4729,"comment_status":"open","ping_status":"closed","template":"","tags":[15],"blog-category":[16],"class_list":["post-4727","blog_post","type-blog_post","status-publish","has-post-thumbnail","hentry","tag-blog","blog-category-blog"],"_links":{"self":[{"href":"https:\/\/saleia.de\/index.php?rest_route=\/wp\/v2\/blog_post\/4727","targetHints":{"allow":["GET"]}}],"collection":[{"href":"https:\/\/saleia.de\/index.php?rest_route=\/wp\/v2\/blog_post"}],"about":[{"href":"https:\/\/saleia.de\/index.php?rest_route=\/wp\/v2\/types\/blog_post"}],"author":[{"embeddable":true,"href":"https:\/\/saleia.de\/index.php?rest_route=\/wp\/v2\/users\/1"}],"replies":[{"embeddable":true,"href":"https:\/\/saleia.de\/index.php?rest_route=%2Fwp%2Fv2%2Fcomments&post=4727"}],"wp:featuredmedia":[{"embeddable":true,"href":"https:\/\/saleia.de\/index.php?rest_route=\/wp\/v2\/media\/4729"}],"wp:attachment":[{"href":"https:\/\/saleia.de\/index.php?rest_route=%2Fwp%2Fv2%2Fmedia&parent=4727"}],"wp:term":[{"taxonomy":"post_tag","embeddable":true,"href":"https:\/\/saleia.de\/index.php?rest_route=%2Fwp%2Fv2%2Ftags&post=4727"},{"taxonomy":"blog-category","embeddable":true,"href":"https:\/\/saleia.de\/index.php?rest_route=%2Fwp%2Fv2%2Fblog-category&post=4727"}],"curies":[{"name":"wp","href":"https:\/\/api.w.org\/{rel}","templated":true}]}}