{"id":4596,"date":"2022-10-24T17:41:09","date_gmt":"2022-10-24T17:41:09","guid":{"rendered":"http:\/\/saleia.de\/?post_type=blog_post&#038;p=4596"},"modified":"2022-10-24T17:41:10","modified_gmt":"2022-10-24T17:41:10","slug":"21-10-2022-das-neue-buch-ist-da-frankfurter-buchmesse","status":"publish","type":"blog_post","link":"https:\/\/saleia.de\/?blog_post=21-10-2022-das-neue-buch-ist-da-frankfurter-buchmesse","title":{"rendered":"21.10.2022 &#8211; DAS NEUE BUCH IST DA! FRANKFURTER BUCHMESSE"},"content":{"rendered":"\n<p>Es ist da und ich kann es nicht glauben\u2026 Dieses Buch &#8222;Saleia &#8211; Die Sonnenblumen-Prinzessin&#8220; begleitet ab jetzt immer mein Leben und es beinhaltet soviele Erinnerungen, die ich durch-lebt habe. <\/p>\n\n\n\n<p>Ich bin dem <a rel=\"noreferrer noopener\" href=\"https:\/\/l.facebook.com\/l.php?u=https%3A%2F%2Fwww.instagram.com%2F_u%2Fgedankenreichverlag%3Ffbclid%3DIwAR0q1VhFuXjfo-44x2wC_uMJtMZ0QR22e4EabUmarBFJOGklQ3mB-hrR_Ec&amp;h=AT36xD2QB_OH9r9JPZfYUlV8s7DfXEADZw8qlxscrqpp2lSwg4PoDOA12o59OrjXasPSEz6CPe8cVqyIM9EoGZh-_Lg5If9IGO6pi3TP8HydN7gfpl6RNOj4i2VPtkQn2NHa&amp;__tn__=-UK-R&amp;c[0]=AT1gzhxhmXFCK_meGcwpWfL4QhAzVDtllQkyJdwb71T-q5nirYJVe1fWQI7SmSAKyjxpK_wh3FBe-IxS1MXV9TSfAhn2fjUWo_mSviXE5J1gdZ6r9x_Jn8I89HTLSeMKbChGQ6WF5iZTtUYcZgKK3FX7ZdMiGB0rg-dGhCGUWG5FAaLeYN5OwWlJR7z9SLV2modBPUjU3Wao\" target=\"_blank\">@gedankenreichverlag<\/a> @efv.hainwald <a rel=\"noreferrer noopener\" href=\"https:\/\/l.facebook.com\/l.php?u=https%3A%2F%2Fwww.instagram.com%2F_u%2Fa.c.loclair%3Ffbclid%3DIwAR34Ch8k4AaeDaC21sz0PxDOPl_AwDO847wN_nm8CeL0kQev-jMgzgEsojs&amp;h=AT0x11gr-sJAPndhn-lbyEH7AlywZaOmM7tecugu1ZKrFtRsT96XGKSCdKqzZDpdimUWz7DEut_U0dvuLDIWQVv3yRdoRMn36N5WuJO3g4DHNpiWN8-bgudAMye7wqcp0SfT&amp;__tn__=-UK-R&amp;c[0]=AT1gzhxhmXFCK_meGcwpWfL4QhAzVDtllQkyJdwb71T-q5nirYJVe1fWQI7SmSAKyjxpK_wh3FBe-IxS1MXV9TSfAhn2fjUWo_mSviXE5J1gdZ6r9x_Jn8I89HTLSeMKbChGQ6WF5iZTtUYcZgKK3FX7ZdMiGB0rg-dGhCGUWG5FAaLeYN5OwWlJR7z9SLV2modBPUjU3Wao\" target=\"_blank\">@a.c.loclair<\/a> und @synticfaye so dankbar! Ihr seid einfach so wundervolle Menschen! Und ich bin sprachlos \u00fcber soviel Liebe auf der Frankfurter Buchmesse- all die sch\u00f6nen Reaktionen. Wenn ich durch die G\u00e4nge gehe, l\u00e4cheln mich viele Menschen an und begr\u00fc\u00dfen mich mit liebevollen Worten, die Kinder umarmen mich und diejenigen, die mein Buch gekauft und gelesen haben, haben mir so sch\u00f6ne Worte geschickt.<\/p>\n\n\n\n<p>Heute geht es noch einmal zur Messe und ich danke euch jetzt schon f\u00fcr dieses unver-gessliche sch\u00f6ne Wochenende. <\/p>\n\n\n\n<div class=\"wp-block-image\"><figure class=\"aligncenter size-large is-resized\"><a href=\"http:\/\/saleia.de\/wp-content\/uploads\/2022\/10\/311151968_553090423291037_4240660995387291410_n.jpg\"><img loading=\"lazy\" decoding=\"async\" src=\"http:\/\/saleia.de\/wp-content\/uploads\/2022\/10\/311151968_553090423291037_4240660995387291410_n-1024x1024.jpg\" alt=\"\" class=\"wp-image-4597\" width=\"590\" height=\"590\" srcset=\"https:\/\/saleia.de\/wp-content\/uploads\/2022\/10\/311151968_553090423291037_4240660995387291410_n-1024x1024.jpg 1024w, https:\/\/saleia.de\/wp-content\/uploads\/2022\/10\/311151968_553090423291037_4240660995387291410_n-300x300.jpg 300w, https:\/\/saleia.de\/wp-content\/uploads\/2022\/10\/311151968_553090423291037_4240660995387291410_n-150x150.jpg 150w, https:\/\/saleia.de\/wp-content\/uploads\/2022\/10\/311151968_553090423291037_4240660995387291410_n-768x768.jpg 768w, https:\/\/saleia.de\/wp-content\/uploads\/2022\/10\/311151968_553090423291037_4240660995387291410_n-533x533.jpg 533w, https:\/\/saleia.de\/wp-content\/uploads\/2022\/10\/311151968_553090423291037_4240660995387291410_n-640x640.jpg 640w, https:\/\/saleia.de\/wp-content\/uploads\/2022\/10\/311151968_553090423291037_4240660995387291410_n-864x864.jpg 864w, https:\/\/saleia.de\/wp-content\/uploads\/2022\/10\/311151968_553090423291037_4240660995387291410_n.jpg 1440w\" sizes=\"auto, (max-width: 590px) 100vw, 590px\" \/><\/a><\/figure><\/div>\n","protected":false},"excerpt":{"rendered":"<p>Es ist da und ich kann es nicht glauben\u2026 Dieses Buch &#8222;Saleia &#8211; Die Sonnenblumen-Prinzessin&#8220; begleitet ab jetzt immer mein Leben und es beinhaltet soviele Erinnerungen, die ich durch-lebt habe. Ich bin dem @gedankenreichverlag @efv.hainwald @a.c.loclair und @synticfaye so dankbar! Ihr seid einfach so wundervolle &hellip; <a href=\"https:\/\/saleia.de\/?blog_post=21-10-2022-das-neue-buch-ist-da-frankfurter-buchmesse\" class=\"more-link\"><span>Continue reading<span class=\"screen-reader-text\">21.10.2022 &#8211; DAS NEUE BUCH IST DA! FRANKFURTER BUCHMESSE<\/span><\/span><\/a><\/p>\n","protected":false},"author":1,"featured_media":4597,"comment_status":"open","ping_status":"closed","template":"","tags":[15],"blog-category":[16],"class_list":["post-4596","blog_post","type-blog_post","status-publish","has-post-thumbnail","hentry","tag-blog","blog-category-blog"],"_links":{"self":[{"href":"https:\/\/saleia.de\/index.php?rest_route=\/wp\/v2\/blog_post\/4596","targetHints":{"allow":["GET"]}}],"collection":[{"href":"https:\/\/saleia.de\/index.php?rest_route=\/wp\/v2\/blog_post"}],"about":[{"href":"https:\/\/saleia.de\/index.php?rest_route=\/wp\/v2\/types\/blog_post"}],"author":[{"embeddable":true,"href":"https:\/\/saleia.de\/index.php?rest_route=\/wp\/v2\/users\/1"}],"replies":[{"embeddable":true,"href":"https:\/\/saleia.de\/index.php?rest_route=%2Fwp%2Fv2%2Fcomments&post=4596"}],"wp:featuredmedia":[{"embeddable":true,"href":"https:\/\/saleia.de\/index.php?rest_route=\/wp\/v2\/media\/4597"}],"wp:attachment":[{"href":"https:\/\/saleia.de\/index.php?rest_route=%2Fwp%2Fv2%2Fmedia&parent=4596"}],"wp:term":[{"taxonomy":"post_tag","embeddable":true,"href":"https:\/\/saleia.de\/index.php?rest_route=%2Fwp%2Fv2%2Ftags&post=4596"},{"taxonomy":"blog-category","embeddable":true,"href":"https:\/\/saleia.de\/index.php?rest_route=%2Fwp%2Fv2%2Fblog-category&post=4596"}],"curies":[{"name":"wp","href":"https:\/\/api.w.org\/{rel}","templated":true}]}}