{"id":4595,"date":"2022-10-24T17:37:47","date_gmt":"2022-10-24T17:37:47","guid":{"rendered":"http:\/\/saleia.de\/?post_type=blog_post&#038;p=4595"},"modified":"2022-10-24T17:37:48","modified_gmt":"2022-10-24T17:37:48","slug":"07-10-2022-das-neue-maerchenbuch-jetzt-vorbestellbar","status":"publish","type":"blog_post","link":"https:\/\/saleia.de\/?blog_post=07-10-2022-das-neue-maerchenbuch-jetzt-vorbestellbar","title":{"rendered":"07.10.2022 &#8211; DAS NEUE M\u00c4RCHENBUCH JETZT VORBESTELLBAR"},"content":{"rendered":"\n<p>Meine lieben Sonnenblumen-Freunde,<\/p>\n\n\n\n<p>es ist soweit! Mein neu \u00fcberarbeitetes Kinder M\u00e4rchenbuch wurde soeben von @gedankenreichverlag ver\u00f6ffentlicht! <\/p>\n\n\n\n<p>Ab heute k\u00f6nnt ihr es im Shop bei Gedankenreich-Verlag schon vorbestellen. In zwei Wochen sind wir auf der Frankfurter Buchmesse und bringen einige Exemplare mit. Der Druck ist gerade im vollen Gange und ich bin so aufgeregt das DIN A4 Buch bald in den H\u00e4nden zu halten.  <\/p>\n\n\n\n<p>Die Zeichnerin @synticfaye hat mein kleines M\u00e4rchen einfach soooooo sch\u00f6n in Farbe umgesetzt!  Bei jedem Bild hatte ich Tr\u00e4nen in den Augen. Und dank der lieben @a.c.loclair haben wir die Geschichte in noch sch\u00f6neren Worten umgeschrieben. @efv.hainwald hat die ganzen Bilder und die neuen Texte so sch\u00f6n zusammen gesetzt und ich habe das M\u00e4rchen erweitert und mich einfach \u00fcber jede Zusammenarbeit mit allen gefreut! <\/p>\n\n\n\n<p>Auf der @buchmesse wird Sonnenblumen-Prinzessin Saleia am Verlagsstand erscheinen und jedes Buch f\u00fcr euch signieren. <\/p>\n\n\n\n<p>Ich freue mich mega auf euch und besonders auf eure Reaktionen!  Bin so HIBBELIG!<\/p>\n\n\n\n<p><a href=\"https:\/\/www.gedankenreich-verlag.de\/produkt\/saleia\/\">https:\/\/www.gedankenreich-verlag.de\/produkt\/saleia\/<\/a><\/p>\n\n\n\n<figure class=\"wp-block-gallery has-nested-images columns-default is-cropped wp-block-gallery-1 is-layout-flex wp-block-gallery-is-layout-flex\">\n<figure class=\"wp-block-image size-large\"><a href=\"http:\/\/saleia.de\/wp-content\/uploads\/2022\/10\/Saleia-CoverST.jpg\"><img loading=\"lazy\" decoding=\"async\" width=\"338\" height=\"602\" data-id=\"4565\" src=\"http:\/\/saleia.de\/wp-content\/uploads\/2022\/10\/Saleia-CoverST.jpg\" alt=\"\" class=\"wp-image-4565\" srcset=\"https:\/\/saleia.de\/wp-content\/uploads\/2022\/10\/Saleia-CoverST.jpg 338w, https:\/\/saleia.de\/wp-content\/uploads\/2022\/10\/Saleia-CoverST-168x300.jpg 168w\" sizes=\"auto, (max-width: 338px) 100vw, 338px\" \/><\/a><\/figure>\n\n\n\n<figure class=\"wp-block-image size-large\"><a href=\"http:\/\/saleia.de\/wp-content\/uploads\/2022\/10\/Saleia-Inlay.jpg\"><img loading=\"lazy\" decoding=\"async\" width=\"1200\" height=\"675\" data-id=\"4563\" src=\"http:\/\/saleia.de\/wp-content\/uploads\/2022\/10\/Saleia-Inlay.jpg\" alt=\"\" class=\"wp-image-4563\" srcset=\"https:\/\/saleia.de\/wp-content\/uploads\/2022\/10\/Saleia-Inlay.jpg 1200w, https:\/\/saleia.de\/wp-content\/uploads\/2022\/10\/Saleia-Inlay-300x169.jpg 300w, https:\/\/saleia.de\/wp-content\/uploads\/2022\/10\/Saleia-Inlay-1024x576.jpg 1024w, https:\/\/saleia.de\/wp-content\/uploads\/2022\/10\/Saleia-Inlay-768x432.jpg 768w\" sizes=\"auto, (max-width: 1200px) 100vw, 1200px\" \/><\/a><\/figure>\n\n\n\n<figure class=\"wp-block-image size-large\"><a href=\"http:\/\/saleia.de\/wp-content\/uploads\/2022\/10\/Saleia-KTStory.jpg\"><img loading=\"lazy\" decoding=\"async\" width=\"338\" height=\"602\" data-id=\"4564\" src=\"http:\/\/saleia.de\/wp-content\/uploads\/2022\/10\/Saleia-KTStory.jpg\" alt=\"\" class=\"wp-image-4564\" srcset=\"https:\/\/saleia.de\/wp-content\/uploads\/2022\/10\/Saleia-KTStory.jpg 338w, https:\/\/saleia.de\/wp-content\/uploads\/2022\/10\/Saleia-KTStory-168x300.jpg 168w\" sizes=\"auto, (max-width: 338px) 100vw, 338px\" \/><\/a><\/figure>\n<\/figure>\n","protected":false},"excerpt":{"rendered":"<p>Meine lieben Sonnenblumen-Freunde, es ist soweit! Mein neu \u00fcberarbeitetes Kinder M\u00e4rchenbuch wurde soeben von @gedankenreichverlag ver\u00f6ffentlicht! Ab heute k\u00f6nnt ihr es im Shop bei Gedankenreich-Verlag schon vorbestellen. In zwei Wochen sind wir auf der Frankfurter Buchmesse und bringen einige Exemplare mit. Der Druck ist gerade &hellip; <a href=\"https:\/\/saleia.de\/?blog_post=07-10-2022-das-neue-maerchenbuch-jetzt-vorbestellbar\" class=\"more-link\"><span>Continue reading<span class=\"screen-reader-text\">07.10.2022 &#8211; DAS NEUE M\u00c4RCHENBUCH JETZT VORBESTELLBAR<\/span><\/span><\/a><\/p>\n","protected":false},"author":1,"featured_media":4559,"comment_status":"open","ping_status":"closed","template":"","tags":[15],"blog-category":[16],"class_list":["post-4595","blog_post","type-blog_post","status-publish","has-post-thumbnail","hentry","tag-blog","blog-category-blog"],"_links":{"self":[{"href":"https:\/\/saleia.de\/index.php?rest_route=\/wp\/v2\/blog_post\/4595","targetHints":{"allow":["GET"]}}],"collection":[{"href":"https:\/\/saleia.de\/index.php?rest_route=\/wp\/v2\/blog_post"}],"about":[{"href":"https:\/\/saleia.de\/index.php?rest_route=\/wp\/v2\/types\/blog_post"}],"author":[{"embeddable":true,"href":"https:\/\/saleia.de\/index.php?rest_route=\/wp\/v2\/users\/1"}],"replies":[{"embeddable":true,"href":"https:\/\/saleia.de\/index.php?rest_route=%2Fwp%2Fv2%2Fcomments&post=4595"}],"wp:featuredmedia":[{"embeddable":true,"href":"https:\/\/saleia.de\/index.php?rest_route=\/wp\/v2\/media\/4559"}],"wp:attachment":[{"href":"https:\/\/saleia.de\/index.php?rest_route=%2Fwp%2Fv2%2Fmedia&parent=4595"}],"wp:term":[{"taxonomy":"post_tag","embeddable":true,"href":"https:\/\/saleia.de\/index.php?rest_route=%2Fwp%2Fv2%2Ftags&post=4595"},{"taxonomy":"blog-category","embeddable":true,"href":"https:\/\/saleia.de\/index.php?rest_route=%2Fwp%2Fv2%2Fblog-category&post=4595"}],"curies":[{"name":"wp","href":"https:\/\/api.w.org\/{rel}","templated":true}]}}